{"id":1474,"date":"2024-04-30T08:37:01","date_gmt":"2024-04-30T08:37:01","guid":{"rendered":"https:\/\/catech.ch\/2024\/04\/30\/cardada\/"},"modified":"2024-05-23T12:50:10","modified_gmt":"2024-05-23T12:50:10","slug":"cardada","status":"publish","type":"post","link":"https:\/\/catech.ch\/fr\/2024\/04\/30\/cardada\/","title":{"rendered":"Cardada"},"content":{"rendered":"\n<figure class=\"wp-block-image size-large\"><img fetchpriority=\"high\" decoding=\"async\" width=\"1024\" height=\"576\" src=\"https:\/\/ticinoweb01.jcloud.ik-server.com\/catech\/wp-content\/uploads\/sites\/32\/2024\/04\/cardada-1024x576.png\" alt=\"\" class=\"wp-image-491\" srcset=\"https:\/\/catech.ch\/wp-content\/uploads\/sites\/32\/2024\/04\/cardada-1024x576.png 1024w, https:\/\/catech.ch\/wp-content\/uploads\/sites\/32\/2024\/04\/cardada-300x169.png 300w, https:\/\/catech.ch\/wp-content\/uploads\/sites\/32\/2024\/04\/cardada-768x432.png 768w, https:\/\/catech.ch\/wp-content\/uploads\/sites\/32\/2024\/04\/cardada.png 1280w\" sizes=\"(max-width: 1024px) 100vw, 1024px\" \/><\/figure>\n<p>Syst\u00e8me photovolta\u00efque de 9,36 kW.<br\/>Installation fix\u00e9e sur un toit en pente, orientation sud.<br\/>Enti\u00e8rement optimis\u00e9 pour un rendement maximal et la surveillance de chaque panneau individuel.<br\/>Syst\u00e8me de fixation enti\u00e8rement K2 Systems.<\/p>\n","protected":false},"excerpt":{"rendered":"<p>Syst\u00e8me photovolta\u00efque de 9,36 kW.Installation fix\u00e9e sur un toit en pente, orientation sud.Enti\u00e8rement optimis\u00e9 pour un rendement maximal et la surveillance de chaque panneau individuel.Syst\u00e8me de fixation enti\u00e8rement K2 Systems.<\/p>\n","protected":false},"author":8795,"featured_media":1248,"comment_status":"closed","ping_status":"closed","sticky":false,"template":"","format":"standard","meta":{"footnotes":""},"categories":[45],"tags":[40,42,43,41],"class_list":["post-1474","post","type-post","status-publish","format-standard","has-post-thumbnail","hentry","category-toits-en-pente","tag-panneaux-solaires","tag-panneaux-solaires-ticino","tag-rechauffement-climatique","tag-tessin-fr"],"_links":{"self":[{"href":"https:\/\/catech.ch\/fr\/wp-json\/wp\/v2\/posts\/1474","targetHints":{"allow":["GET"]}}],"collection":[{"href":"https:\/\/catech.ch\/fr\/wp-json\/wp\/v2\/posts"}],"about":[{"href":"https:\/\/catech.ch\/fr\/wp-json\/wp\/v2\/types\/post"}],"author":[{"embeddable":true,"href":"https:\/\/catech.ch\/fr\/wp-json\/wp\/v2\/users\/8795"}],"replies":[{"embeddable":true,"href":"https:\/\/catech.ch\/fr\/wp-json\/wp\/v2\/comments?post=1474"}],"version-history":[{"count":0,"href":"https:\/\/catech.ch\/fr\/wp-json\/wp\/v2\/posts\/1474\/revisions"}],"wp:featuredmedia":[{"embeddable":true,"href":"https:\/\/catech.ch\/fr\/wp-json\/wp\/v2\/media\/1248"}],"wp:attachment":[{"href":"https:\/\/catech.ch\/fr\/wp-json\/wp\/v2\/media?parent=1474"}],"wp:term":[{"taxonomy":"category","embeddable":true,"href":"https:\/\/catech.ch\/fr\/wp-json\/wp\/v2\/categories?post=1474"},{"taxonomy":"post_tag","embeddable":true,"href":"https:\/\/catech.ch\/fr\/wp-json\/wp\/v2\/tags?post=1474"}],"curies":[{"name":"wp","href":"https:\/\/api.w.org\/{rel}","templated":true}]}}